{"id":18294,"date":"2025-12-31T16:17:54","date_gmt":"2025-12-31T15:17:54","guid":{"rendered":"https:\/\/novital.it\/le-calendrier-avicole-lunaire-2026\/"},"modified":"2025-12-31T16:18:16","modified_gmt":"2025-12-31T15:18:16","slug":"le-calendrier-avicole-lunaire-2026","status":"publish","type":"post","link":"https:\/\/novital.it\/fr\/le-calendrier-avicole-lunaire-2026\/","title":{"rendered":"Le Calendrier Avicole Lunaire 2026 !"},"content":{"rendered":"<div class=\"wp-block-image\">\n<figure class=\"aligncenter size-large\"><img loading=\"lazy\" decoding=\"async\" width=\"1200\" height=\"800\" src=\"https:\/\/novital.it\/wp-content\/uploads\/calendario-avicolo-lunare-2026-1200x800.jpg\" alt=\"\" class=\"wp-image-18290\" srcset=\"https:\/\/novital.it\/wp-content\/uploads\/calendario-avicolo-lunare-2026-1200x800.jpg 1200w, https:\/\/novital.it\/wp-content\/uploads\/calendario-avicolo-lunare-2026-500x333.jpg 500w, https:\/\/novital.it\/wp-content\/uploads\/calendario-avicolo-lunare-2026-300x200.jpg 300w, https:\/\/novital.it\/wp-content\/uploads\/calendario-avicolo-lunare-2026-768x512.jpg 768w, https:\/\/novital.it\/wp-content\/uploads\/calendario-avicolo-lunare-2026-113x75.jpg 113w, https:\/\/novital.it\/wp-content\/uploads\/calendario-avicolo-lunare-2026-480x320.jpg 480w, https:\/\/novital.it\/wp-content\/uploads\/calendario-avicolo-lunare-2026-750x500.jpg 750w\" sizes=\"auto, (max-width:767px) 480px, (max-width:1200px) 100vw, 1200px\" \/><\/figure>\n<\/div>\n<p class=\"wp-block-paragraph\">Comme d\u2019habitude, Novital vous accueille avec le Calendrier Lunaire de la Volaille pour 2026 !<\/p>\n\n<p class=\"wp-block-paragraph\">Dans le monde paysan d\u2019autrefois, il existait de nombreuses traditions populaires li\u00e9es \u00e0 l\u2019\u00e9levage avicole, et parmi celles-ci, il \u00e9tait tr\u00e8s courant d\u2019incuber les \u0153ufs en suivant les phases de la lune.<\/p>\n\n<p class=\"wp-block-paragraph\">Cette coutume a commenc\u00e9 par l\u2019observation quotidienne, notamment parce que de nombreuses poules ont commenc\u00e9 \u00e0 \u00e9clore, de sorte que les poussins naissaient en faveur de la lune, c\u2019est-\u00e0-dire pendant la phase de lune croissante, et que ces poussins \u00e9taient relativement plus forts et plus robustes.<\/p>\n\n<p class=\"wp-block-paragraph\">D\u2019o\u00f9 l\u2019id\u00e9e de cr\u00e9er un calendrier lunaire de la volaille qui puisse aider les agriculteurs \u00e0 suivre cette tradition, indiquant les p\u00e9riodes appropri\u00e9es pour incuber afin que les poussins naissent entre la nouvelle lune et la pleine lune. \u00c9videmment, il s\u2019agit de poussins de poulets, dont les \u0153ufs \u00e9closent en 21 jours : pour les poussins d\u2019autres esp\u00e8ces, il faudra modifier l\u2019intervalle appropri\u00e9 de jours en fonction de la dur\u00e9e d\u2019incubation de cette esp\u00e8ce. Par exemple, pour la dinde, la pintade et les canards d\u00e9riv\u00e9s du canard colvert, qui ont une dur\u00e9e d\u2019incubation de 28 jours, il suffit d\u2019incuber les \u0153ufs exactement une semaine plus t\u00f4t que ce qui est indiqu\u00e9 dans le tableau.  <\/p>\n\n<figure class=\"wp-block-table\"><table class=\"has-fixed-layout\"><tbody><tr><td><br\/><\/td><td>NOUVELLE LUNE<\/td><td>PLEINE LUNE<\/td><td>Commencez \u00e0 incuber \u00e0 partir du<\/td><td>\u00c0<\/td><\/tr><tr><td>JANVIER<\/td><td>18\/01\/26<\/td><td>01\/02\/26<\/td><td>29\/12\/25<\/td><td>10\/01\/26<\/td><\/tr><tr><td>F\u00c9VRIER<\/td><td>17\/02\/26<\/td><td>03\/03\/26<\/td><td>28\/01\/26<\/td><td>09\/02\/26<\/td><\/tr><tr><td>MARS<\/td><td>19\/03\/26<\/td><td>02\/04\/26<\/td><td>27\/02\/26<\/td><td>11\/03\/26<\/td><\/tr><tr><td>AVRIL<\/td><td>17\/04\/26<\/td><td>01\/05\/26<\/td><td>28\/03\/26<\/td><td>09\/04\/26<\/td><\/tr><tr><td>MAI<\/td><td>16\/05\/26<\/td><td>31\/05\/26<\/td><td>26\/04\/26<\/td><td>09\/05\/26<\/td><\/tr><tr><td>JUIN<\/td><td>15\/06\/26<\/td><td>30\/06\/26<\/td><td>26\/05\/26<\/td><td>08\/06\/26<\/td><\/tr><tr><td>JUILLET<\/td><td>14\/07\/26<\/td><td>29\/07\/26<\/td><td>24\/06\/26<\/td><td>07\/07\/26<\/td><\/tr><tr><td>AO\u00dbT<\/td><td>12\/08\/26<\/td><td>28\/08\/26<\/td><td>26\/07\/26<\/td><td>06\/08\/26<\/td><\/tr><tr><td>SEPTEMBRE<\/td><td>11\/09\/26<\/td><td>26\/09\/26<\/td><td>22\/08\/26<\/td><td>04\/09\/26<\/td><\/tr><tr><td>OCTOBRE<\/td><td>10\/10\/26<\/td><td>26\/10\/26<\/td><td>20\/09\/26<\/td><td>04\/10\/26<\/td><\/tr><tr><td>NOVEMBRE<\/td><td>09\/11\/26<\/td><td>24\/11\/26<\/td><td>20\/10\/26<\/td><td>02\/11\/26<\/td><\/tr><tr><td>D\u00c9CEMBRE<\/td><td>09\/12\/26<\/td><td>24\/12\/26<\/td><td>19\/11\/26<\/td><td>02\/12\/26<\/td><\/tr><tr><td>JANVIER<\/td><td>07\/01\/27<\/td><td>22\/01\/27<\/td><td>18\/12\/26<\/td><td>31\/12\/26<\/td><\/tr><\/tbody><\/table><\/figure>\n\n<p class=\"wp-block-paragraph\">Il est important de toujours se rappeler <strong>qu\u2019il s\u2019agit d\u2019une tradition populaire qui ne dispose d\u2019aucune preuve scientifique directe<\/strong>. Cependant, il est vrai que, bien qu\u2019il manque de preuves scientifiques concr\u00e8tes dans ce domaine pr\u00e9cis, il a \u00e9t\u00e9 d\u00e9montr\u00e9 dans d\u2019autres cas comment <strong>les phases de la lune influencent le comportement \u2013 y compris le comportement reproductif \u2013 des oiseaux<\/strong>. <\/p>\n\n<p class=\"wp-block-paragraph\">La chose la plus importante, cependant, reste de rappeler \u00e0 tous que <strong>le secret d\u2019une incubation et d\u2019une \u00e9closion r\u00e9ussies ne r\u00e9side pas tant dans les phases de la lune, mais dans l\u2019attention que l\u2019\u00e9leveur accorde \u00e0 l\u2019\u00e9levage des reproducteurs, aux soins des \u0153ufs et \u00e0 l\u2019incubation, \u00e0 suivre et g\u00e9rer l\u2019incubateur et toutes les phases de l\u2019incubation de la meilleure mani\u00e8re possible<\/strong>. Ce sont les v\u00e9ritables \u00e9tapes fondamentales \u00e0 suivre pour ceux qui souhaitent couver avec succ\u00e8s et voir na\u00eetre de nombreux poussins. <\/p>\n\n<p class=\"wp-block-paragraph\">Et rappelez-vous que Novital est \u00e0 vos c\u00f4t\u00e9s avec ses <strong><a href=\"https:\/\/novital.it\/fr\/categorie-produit\/incubateurs-et-accessoires\/\">incubateurs Covatutto<\/a><\/strong>, con\u00e7us et con\u00e7us pour vous aider \u00e0 terminer vos incubations avec succ\u00e8s et facilement !<br\/>Bonne reproduction et bonne ann\u00e9e 2026 \u00e0 tous !<\/p>\n","protected":false},"excerpt":{"rendered":"<p>Comme d\u2019habitude, Novital vous accueille avec le Calendrier Lunaire de la Volaille pour 2026 ! Dans le monde paysan d\u2019autrefois, il existait de nombreuses traditions populaires<span class=\"excerpt-hellip\"> [\u2026]<\/span><\/p>\n","protected":false},"author":13419,"featured_media":18296,"comment_status":"open","ping_status":"open","sticky":false,"template":"","format":"standard","meta":{"footnotes":""},"categories":[271],"tags":[292,1284,1285,301,293,261],"class_list":["post-18294","post","type-post","status-publish","format-standard","has-post-thumbnail","hentry","category-aviculture-fr","tag-aviculture","tag-calendrier-lunaire-daviolo","tag-incubation","tag-poussins","tag-tradition","tag-oeufs"],"_links":{"self":[{"href":"https:\/\/novital.it\/fr\/wp-json\/wp\/v2\/posts\/18294","targetHints":{"allow":["GET"]}}],"collection":[{"href":"https:\/\/novital.it\/fr\/wp-json\/wp\/v2\/posts"}],"about":[{"href":"https:\/\/novital.it\/fr\/wp-json\/wp\/v2\/types\/post"}],"author":[{"embeddable":true,"href":"https:\/\/novital.it\/fr\/wp-json\/wp\/v2\/users\/13419"}],"replies":[{"embeddable":true,"href":"https:\/\/novital.it\/fr\/wp-json\/wp\/v2\/comments?post=18294"}],"version-history":[{"count":1,"href":"https:\/\/novital.it\/fr\/wp-json\/wp\/v2\/posts\/18294\/revisions"}],"predecessor-version":[{"id":18298,"href":"https:\/\/novital.it\/fr\/wp-json\/wp\/v2\/posts\/18294\/revisions\/18298"}],"wp:featuredmedia":[{"embeddable":true,"href":"https:\/\/novital.it\/fr\/wp-json\/wp\/v2\/media\/18296"}],"wp:attachment":[{"href":"https:\/\/novital.it\/fr\/wp-json\/wp\/v2\/media?parent=18294"}],"wp:term":[{"taxonomy":"category","embeddable":true,"href":"https:\/\/novital.it\/fr\/wp-json\/wp\/v2\/categories?post=18294"},{"taxonomy":"post_tag","embeddable":true,"href":"https:\/\/novital.it\/fr\/wp-json\/wp\/v2\/tags?post=18294"}],"curies":[{"name":"wp","href":"https:\/\/api.w.org\/{rel}","templated":true}]}}